{"id":310,"date":"2026-04-13T14:43:15","date_gmt":"2026-04-13T12:43:15","guid":{"rendered":"https:\/\/gylleneken.se\/wp\/?p=310"},"modified":"2026-04-13T14:43:15","modified_gmt":"2026-04-13T12:43:15","slug":"pall-saknas-i-tvattstugan","status":"publish","type":"post","link":"https:\/\/gylleneken.se\/wp\/2026\/04\/13\/pall-saknas-i-tvattstugan\/","title":{"rendered":"Pall saknas i tv\u00e4ttstugan"},"content":{"rendered":"\n<p>Med de nya tv\u00e4ttmaskinerna medf\u00f6ljde en pall. Den saknas numera. De nya maskinerna \u00e4r ganska h\u00f6ga, och kortare personer kan beh\u00f6va pallen f\u00f6r att n\u00e5 upp.<\/p>\n\n\n\n<p>Om du har sett pallen, v\u00e4nligen st\u00e4ll tillbaka den i tv\u00e4ttstugan.<\/p>\n\n\n\n<p><\/p>\n\n\n\n<p class=\"has-extra-large-font-size\"><strong>Reng\u00f6ring av takterrasserna<\/strong><\/p>\n\n\n\n<p>Den 8:e maj kommer takterrasserna reng\u00f6ras. I samband med det kommer utem\u00f6blerna flyttas fr\u00e5n dem tillf\u00e4lligt.<\/p>\n\n\n\n<p><\/p>\n","protected":false},"excerpt":{"rendered":"<p>Med de nya tv\u00e4ttmaskinerna medf\u00f6ljde en pall. Den saknas numera. De nya maskinerna \u00e4r ganska h\u00f6ga, och kortare personer kan beh\u00f6va pallen f\u00f6r att n\u00e5 upp. Om du har sett pallen, v\u00e4nligen st\u00e4ll tillbaka den i tv\u00e4ttstugan. Reng\u00f6ring av takterrasserna Den 8:e maj kommer takterrasserna reng\u00f6ras. I samband med det kommer utem\u00f6blerna flyttas fr\u00e5n dem&hellip; <a class=\"more-link\" href=\"https:\/\/gylleneken.se\/wp\/2026\/04\/13\/pall-saknas-i-tvattstugan\/\">Forts\u00e4tt l\u00e4sa <span class=\"screen-reader-text\">Pall saknas i tv\u00e4ttstugan<\/span><\/a><\/p>\n","protected":false},"author":1,"featured_media":0,"comment_status":"closed","ping_status":"","sticky":false,"template":"","format":"standard","meta":{"footnotes":""},"categories":[3],"tags":[],"class_list":["post-310","post","type-post","status-publish","format-standard","hentry","category-utskick","entry"],"_links":{"self":[{"href":"https:\/\/gylleneken.se\/wp\/wp-json\/wp\/v2\/posts\/310","targetHints":{"allow":["GET"]}}],"collection":[{"href":"https:\/\/gylleneken.se\/wp\/wp-json\/wp\/v2\/posts"}],"about":[{"href":"https:\/\/gylleneken.se\/wp\/wp-json\/wp\/v2\/types\/post"}],"author":[{"embeddable":true,"href":"https:\/\/gylleneken.se\/wp\/wp-json\/wp\/v2\/users\/1"}],"replies":[{"embeddable":true,"href":"https:\/\/gylleneken.se\/wp\/wp-json\/wp\/v2\/comments?post=310"}],"version-history":[{"count":1,"href":"https:\/\/gylleneken.se\/wp\/wp-json\/wp\/v2\/posts\/310\/revisions"}],"predecessor-version":[{"id":311,"href":"https:\/\/gylleneken.se\/wp\/wp-json\/wp\/v2\/posts\/310\/revisions\/311"}],"wp:attachment":[{"href":"https:\/\/gylleneken.se\/wp\/wp-json\/wp\/v2\/media?parent=310"}],"wp:term":[{"taxonomy":"category","embeddable":true,"href":"https:\/\/gylleneken.se\/wp\/wp-json\/wp\/v2\/categories?post=310"},{"taxonomy":"post_tag","embeddable":true,"href":"https:\/\/gylleneken.se\/wp\/wp-json\/wp\/v2\/tags?post=310"}],"curies":[{"name":"wp","href":"https:\/\/api.w.org\/{rel}","templated":true}]}}